{"id":388,"date":"2020-01-17T12:57:32","date_gmt":"2020-01-17T12:57:32","guid":{"rendered":"https:\/\/sosmedecinsfes.com\/?p=388"},"modified":"2020-05-01T10:05:00","modified_gmt":"2020-05-01T10:05:00","slug":"le-surpresenteisme","status":"publish","type":"post","link":"https:\/\/sosmedecinsfes.com\/de\/le-surpresenteisme\/","title":{"rendered":"Le Surpr\u00e9sent\u00e9isme"},"content":{"rendered":"<p>Aller au travail m\u00eame quand sa sant\u00e9 demanderait que l\u2019on se repose : c\u2019est le surpr\u00e9sent\u00e9isme. Mettre son travail avant sa sant\u00e9 peut avoir des cons\u00e9quences s\u00e9rieuses. Nous avons tendance \u00e0 penser que le surpr\u00e9sent\u00e9isme est \u201ctout b\u00e9n\u00e9fice\u201d. Mais c\u2019est loin d\u2019\u00eatre le cas !<\/p>\n\n\n\n<p>Malade, il vaut parfois mieux ne pas travailler, car la productivit\u00e9 baisse quand on est malade, les relations de travail sont moins bonnes et la contagion peut multiplier le nombre d\u2019employ\u00e9s malades. Il vaut mieux prendre quelques jours pour se reposer d\u2019un rhume, par exemple, que devoir s\u2019absenter toute une semaine parce qu\u2019il aura d\u00e9g\u00e9n\u00e9r\u00e9 en infection des sinus..<\/p>\n\n\n\n<p>Surpr\u00e9sent\u00e9isme et burnout<br>Au bout du compte, le risque principal reste le burnout, cette forme particuli\u00e8re de d\u00e9pression caus\u00e9e par un \u00e9puisement professionnel. Le fait de ne pas pouvoir se lib\u00e9rer du travail m\u00eame quand on est trop malade pour pouvoir le faire correctement est un facteur de risque tr\u00e8s important.<\/p>\n\n\n\n<p>Quelles solutions contre le surpr\u00e9sent\u00e9isme ?<br>Si les entreprises \u00e9taient plus conscientes des risques attach\u00e9s au surpr\u00e9sent\u00e9isme, elles pourraient d\u00e9courager cette attitude chez leurs employ\u00e9s. En effet, pour les employ\u00e9s le fait de voir leur maladie reconnue est g\u00e9n\u00e9ralement ressenti de mani\u00e8re tr\u00e8s positive.<\/p>","protected":false},"excerpt":{"rendered":"<p>Aller au travail m\u00eame quand sa sant\u00e9 demanderait que l\u2019on se repose : c\u2019est le surpr\u00e9sent\u00e9isme. Mettre son travail avant sa sant\u00e9 peut avoir des cons\u00e9quences s\u00e9rieuses. Nous avons tendance \u00e0 penser que le surpr\u00e9sent\u00e9isme est \u201ctout b\u00e9n\u00e9fice\u201d. Mais c\u2019est loin d\u2019\u00eatre le cas ! Malade, il vaut parfois mieux ne pas travailler, car la [&hellip;]\n","protected":false},"author":1,"featured_media":389,"comment_status":"closed","ping_status":"closed","sticky":false,"template":"","format":"standard","meta":{"footnotes":""},"categories":[30,31,32,33,34,35,36,28,29,37,38],"tags":[67,68,65,64,63,66],"class_list":["post-388","post","type-post","status-publish","format-standard","has-post-thumbnail","hentry","category-maladie","category-medecin-a-domicile","category-medecin-de-garde","category-medecin-de-nuit","category-prelevement","category-prise-durine","category-prise-de-sang","category-sos","category-sos-medecin-fes","category-urgences","category-urgentistes","tag-allo-docteur-fes","tag-allo-tabib-fes","tag-docteur-a-domicile-fes","tag-sos-fes","tag-sos-urgences-fes","tag-urgence-fes"],"_links":{"self":[{"href":"https:\/\/sosmedecinsfes.com\/de\/wp-json\/wp\/v2\/posts\/388","targetHints":{"allow":["GET"]}}],"collection":[{"href":"https:\/\/sosmedecinsfes.com\/de\/wp-json\/wp\/v2\/posts"}],"about":[{"href":"https:\/\/sosmedecinsfes.com\/de\/wp-json\/wp\/v2\/types\/post"}],"author":[{"embeddable":true,"href":"https:\/\/sosmedecinsfes.com\/de\/wp-json\/wp\/v2\/users\/1"}],"replies":[{"embeddable":true,"href":"https:\/\/sosmedecinsfes.com\/de\/wp-json\/wp\/v2\/comments?post=388"}],"version-history":[{"count":1,"href":"https:\/\/sosmedecinsfes.com\/de\/wp-json\/wp\/v2\/posts\/388\/revisions"}],"predecessor-version":[{"id":390,"href":"https:\/\/sosmedecinsfes.com\/de\/wp-json\/wp\/v2\/posts\/388\/revisions\/390"}],"wp:featuredmedia":[{"embeddable":true,"href":"https:\/\/sosmedecinsfes.com\/de\/wp-json\/wp\/v2\/media\/389"}],"wp:attachment":[{"href":"https:\/\/sosmedecinsfes.com\/de\/wp-json\/wp\/v2\/media?parent=388"}],"wp:term":[{"taxonomy":"category","embeddable":true,"href":"https:\/\/sosmedecinsfes.com\/de\/wp-json\/wp\/v2\/categories?post=388"},{"taxonomy":"post_tag","embeddable":true,"href":"https:\/\/sosmedecinsfes.com\/de\/wp-json\/wp\/v2\/tags?post=388"}],"curies":[{"name":"wp","href":"https:\/\/api.w.org\/{rel}","templated":true}]}}