{"id":399,"date":"2020-01-17T13:11:15","date_gmt":"2020-01-17T13:11:15","guid":{"rendered":"https:\/\/sosmedecinsfes.com\/?p=399"},"modified":"2020-05-01T10:04:57","modified_gmt":"2020-05-01T10:04:57","slug":"hepatite-c","status":"publish","type":"post","link":"https:\/\/sosmedecinsfes.com\/de\/hepatite-c\/","title":{"rendered":"H\u00e9patite C"},"content":{"rendered":"<p>Il s&rsquo;agit d&rsquo;un virus qui s\u2019attaque aux cellules du foie et qui entra\u00eene l\u2019inflammation de ce dernier. Il s\u2019agit d\u2019une des h\u00e9patites dites virales. Ce virus est pr\u00e9sent dans le sang d\u2019une personne infect\u00e9e et fait partie des maladies \u00e0 d\u00e9claration obligatoire. Il peut demeurer vivant environ 5 \u00e0 7 semaines \u00e0 l\u2019air libre. \u00c0 long terme, il peut y avoir des cons\u00e9quences tr\u00e8s graves, telles que la cirrhose et dans certains cas, le cancer du foie. Ce virus peut demeurer&nbsp;des dizaines d&rsquo;ann\u00e9es dans l&rsquo;organisme sans aucun sympt\u00f4me apparent. Pendant ce temps, la personne infect\u00e9e peut transmettre le virus \u00e0 d&rsquo;autres sans le savoir. Il existe 6 g\u00e9notypes d\u2019h\u00e9patite C que l\u2019on nomme de 1 \u00e0 6, ainsi qu\u2019un grand nombre de sous-types, ce qui rend difficile la t\u00e2che en recherche. Actuellement, aucun vaccin n\u2019est disponible pour contrer ce virus. Chaque cas est particulier et doit \u00eatre \u00e9valu\u00e9 par un m\u00e9decin qui est en mesure de donner \u00e0 la personne atteinte les conseils appropri\u00e9s.<\/p>\n\n\n\n<p>Sympt\u00f4mes<br>Dans pr\u00e8s de 70 % des cas, l\u2019h\u00e9patite C est asymptomatique. Cela signifie que la charge virale ne va d\u00e9clencher aucune manifestation clinique caract\u00e9ristique. C\u2019est d\u2019ailleurs pour cette raison que l\u2019h\u00e9patite C est une maladie sous-diagnostiqu\u00e9e. Chez quelques personnes, en revanche, la primo-infection va se traduire par des signes g\u00e9n\u00e9raux tels que de la fi\u00e8vre, une importante fatigue ou encore des maux de t\u00eate. Des troubles gastro-intestinaux peuvent \u00e9galement survenir tandis que certains malades ressentiront des douleurs articulaires et\/ou musculaires. Dans un second temps, la phase dite \u00abict\u00e9rique\u00bb se caract\u00e9rise par un jaunissement de la peau et du blanc des yeux, des d\u00e9mangeaisons cutan\u00e9es ainsi que des urines fonc\u00e9es.<\/p>\n\n\n\n<p>Traitement<br>Lorsque la situation du patient le permet, le traitement de l\u2019h\u00e9patite C consiste \u00e0 tenter d\u2019\u00e9liminer le virus qui prolif\u00e8re au sein de son organisme. Depuis quelques ann\u00e9es, les m\u00e9decins privil\u00e9gient un traitement \u00e0 base d\u2019antiviraux dits \u00ab\u00e0 action directe\u00bb qui s\u2019av\u00e8rent plus efficaces que les antiviraux \u00abancienne g\u00e9n\u00e9ration\u00bb tels que l\u2019interf\u00e9ron ou la ribavirine. Des analyses sanguines sont alors pratiqu\u00e9es r\u00e9guli\u00e8rement afin de contr\u00f4ler l\u2019affaiblissement de la charge virale et, par cons\u00e9quent, l\u2019efficience de la prise en charge. Il s\u2019agit d\u2019un traitement au long cours dont l\u2019issue n\u2019est pas toujours positive.<\/p>","protected":false},"excerpt":{"rendered":"<p>Il s&rsquo;agit d&rsquo;un virus qui s\u2019attaque aux cellules du foie et qui entra\u00eene l\u2019inflammation de ce dernier. Il s\u2019agit d\u2019une des h\u00e9patites dites virales. Ce virus est pr\u00e9sent dans le sang d\u2019une personne infect\u00e9e et fait partie des maladies \u00e0 d\u00e9claration obligatoire. Il peut demeurer vivant environ 5 \u00e0 7 semaines \u00e0 l\u2019air libre. \u00c0 [&hellip;]\n","protected":false},"author":1,"featured_media":400,"comment_status":"closed","ping_status":"closed","sticky":false,"template":"","format":"standard","meta":{"footnotes":""},"categories":[30,31,32,33,34,35,36,28,29,37,38],"tags":[67,68,65,64,63,66],"class_list":["post-399","post","type-post","status-publish","format-standard","has-post-thumbnail","hentry","category-maladie","category-medecin-a-domicile","category-medecin-de-garde","category-medecin-de-nuit","category-prelevement","category-prise-durine","category-prise-de-sang","category-sos","category-sos-medecin-fes","category-urgences","category-urgentistes","tag-allo-docteur-fes","tag-allo-tabib-fes","tag-docteur-a-domicile-fes","tag-sos-fes","tag-sos-urgences-fes","tag-urgence-fes"],"_links":{"self":[{"href":"https:\/\/sosmedecinsfes.com\/de\/wp-json\/wp\/v2\/posts\/399","targetHints":{"allow":["GET"]}}],"collection":[{"href":"https:\/\/sosmedecinsfes.com\/de\/wp-json\/wp\/v2\/posts"}],"about":[{"href":"https:\/\/sosmedecinsfes.com\/de\/wp-json\/wp\/v2\/types\/post"}],"author":[{"embeddable":true,"href":"https:\/\/sosmedecinsfes.com\/de\/wp-json\/wp\/v2\/users\/1"}],"replies":[{"embeddable":true,"href":"https:\/\/sosmedecinsfes.com\/de\/wp-json\/wp\/v2\/comments?post=399"}],"version-history":[{"count":1,"href":"https:\/\/sosmedecinsfes.com\/de\/wp-json\/wp\/v2\/posts\/399\/revisions"}],"predecessor-version":[{"id":401,"href":"https:\/\/sosmedecinsfes.com\/de\/wp-json\/wp\/v2\/posts\/399\/revisions\/401"}],"wp:featuredmedia":[{"embeddable":true,"href":"https:\/\/sosmedecinsfes.com\/de\/wp-json\/wp\/v2\/media\/400"}],"wp:attachment":[{"href":"https:\/\/sosmedecinsfes.com\/de\/wp-json\/wp\/v2\/media?parent=399"}],"wp:term":[{"taxonomy":"category","embeddable":true,"href":"https:\/\/sosmedecinsfes.com\/de\/wp-json\/wp\/v2\/categories?post=399"},{"taxonomy":"post_tag","embeddable":true,"href":"https:\/\/sosmedecinsfes.com\/de\/wp-json\/wp\/v2\/tags?post=399"}],"curies":[{"name":"wp","href":"https:\/\/api.w.org\/{rel}","templated":true}]}}